{"id":5094,"date":"2017-10-01T00:00:00","date_gmt":"2017-09-30T22:00:00","guid":{"rendered":"https:\/\/www.cimformacion.com\/blog\/noticias-cim-general\/noticias-general-cim\/apadrinamiento-buitre-asociacion-grefa\/"},"modified":"2020-10-22T07:44:22","modified_gmt":"2020-10-22T05:44:22","slug":"apadrinamiento-buitre-asociacion-grefa","status":"publish","type":"post","link":"https:\/\/www.cimformacion.com\/blog\/noticias-cim-general\/apadrinamiento-buitre-asociacion-grefa\/","title":{"rendered":"En octubre apadrinamos a Aliny\u00e0, buitre negro de la Asociaci\u00f3n GREFA"},"content":{"rendered":"<p>En CIM Formaci\u00f3n continuamos con la <strong>campa\u00f1a de apadrinamiento animal<\/strong>. Nuestro prop\u00f3sito es preservar los derechos y el bienestar de los animales, y colaboramos con aquellos animales en problemas que por diversas circunstancias necesitan ayuda.<\/p>\n<p>Trabajamos\u00a0a favor de la <strong>protecci\u00f3n de los animales y de las acciones para favorecer la buena convivencia de los animales con el entorno. <\/strong>Y tenemos el firme compromiso para continuar avanzando en esta materia.<\/p>\n<p><strong>En CIM Formaci\u00f3n\u00a0colaboramos con asociaciones de protecci\u00f3n animal, denunciamos el maltrato y el abandono animal<\/strong> y realizamos diversas actividades y sesiones formativas gratuitas sobre esta materia. Somos constantes en esta tarea, que sabemos que es una carrera de fondo, para que\u00a0cale en la conciencia de peque\u00f1os y grandes.<\/p>\n<h2>Apadrinamos a Aliny\u00e1, buitre negro de la Asociaci\u00f3n GREFA<\/h2>\n<p><img loading=\"lazy\" class=\"aligncenter size-full wp-image-21680\" src=\"https:\/\/www.cimformacion.com\/blog\/wp-content\/uploads\/2020\/09\/buitre-negro-alinya-min.jpg\" alt=\"\" width=\"800\" height=\"450\" title=\"\"><\/p>\n<p>Este mes de octubre 2017 <strong>hemos apadrinado a un buitre negro llamado Aliny\u00e0<\/strong>, colaborando con la Asociaci\u00f3n <strong>GREFA,<em> Grupo de Rehabilitaci\u00f3n de la Fauna Aut\u00f3ctona y su H\u00e1bitat. <\/em><\/strong>Es una organizaci\u00f3n no gubernamental sin \u00e1nimo de lucro, que nace en 1981 como asociaci\u00f3n para el estudio y conservaci\u00f3n de la naturaleza.<\/p>\n<p><strong>La historia de la hermosa Aliny\u00e0 es muy dura.<\/strong> A pesar de poder volar, tuvo que pasar m\u00e1s de 20 a\u00f1os en un zoo. Cuando su compa\u00f1ero muri\u00f3, lleg\u00f3 a GREFA. Se le coloc\u00f3 un rastreador y form\u00f3 parte del programa de \u201cReintroducci\u00f3n del buitre negro a los Pirineos\u201d, gracias al cual Aliny\u00e0 pudo recobrar su libertad tras una vida en cautiverio. <strong>Pasados\u00a0unos meses de su liberaci\u00f3n, recibi\u00f3 disparos de un cazador<\/strong>, m\u00e1s de 100 perdigones fueron encontrados en su cuerpo. Gracias a la atenci\u00f3n recibida por el equipo de GREFA, Aliny\u00e0 pudo seguir con vida, aunque ya no fue capaz de volar. <strong>Actualmente tiene que recibir atenci\u00f3n y cuidados diarios de mantenimiento y medicamentos.<\/strong><\/p>\n<p>La Asociaci\u00f3n GREFA est\u00e1 formada por personas sensibles a ciertas actividades humanas que provocan el deterioro y la destrucci\u00f3n de parte de nuestro entorno natural. Desde su creaci\u00f3n, GREFA ha mantenido un crecimiento constante en el desarrollo de sus actividades y proyectos.<\/p>\n<p>Fundamenta su trabajo en torno a varias actividades complementarias, entre las que destaca el <strong>Centro de Recuperaci\u00f3n de Fauna Salvaje<\/strong>, que a lo largo de su existencia ha brindado atenci\u00f3n veterinaria a m\u00e1s de 40.000 animales salvajes, los cuales han ingresado por diversas causas como intoxicaciones, venenos, cazadores desaprensivos, atropellos, trampas, expolio, desnutrici\u00f3n o transformaciones del entorno.<\/p>\n","protected":false},"excerpt":{"rendered":"<p>En CIM Formaci\u00f3n continuamos con la campa\u00f1a de apadrinamiento animal. Nuestro prop\u00f3sito es preservar los derechos y el bienestar de los animales, y colaboramos con aquellos animales en problemas que por diversas circunstancias necesitan ayuda. Trabajamos\u00a0a favor de la protecci\u00f3n de los animales y de las acciones para favorecer la buena convivencia de los animales [&hellip;]<\/p>\n","protected":false},"author":5,"featured_media":5095,"comment_status":"open","ping_status":"open","sticky":false,"template":"","format":"standard","meta":[],"categories":[152],"tags":[],"acf":[],"_links":{"self":[{"href":"https:\/\/www.cimformacion.com\/blog\/wp-json\/wp\/v2\/posts\/5094"}],"collection":[{"href":"https:\/\/www.cimformacion.com\/blog\/wp-json\/wp\/v2\/posts"}],"about":[{"href":"https:\/\/www.cimformacion.com\/blog\/wp-json\/wp\/v2\/types\/post"}],"author":[{"embeddable":true,"href":"https:\/\/www.cimformacion.com\/blog\/wp-json\/wp\/v2\/users\/5"}],"replies":[{"embeddable":true,"href":"https:\/\/www.cimformacion.com\/blog\/wp-json\/wp\/v2\/comments?post=5094"}],"version-history":[{"count":0,"href":"https:\/\/www.cimformacion.com\/blog\/wp-json\/wp\/v2\/posts\/5094\/revisions"}],"wp:featuredmedia":[{"embeddable":true,"href":"https:\/\/www.cimformacion.com\/blog\/wp-json\/wp\/v2\/media\/5095"}],"wp:attachment":[{"href":"https:\/\/www.cimformacion.com\/blog\/wp-json\/wp\/v2\/media?parent=5094"}],"wp:term":[{"taxonomy":"category","embeddable":true,"href":"https:\/\/www.cimformacion.com\/blog\/wp-json\/wp\/v2\/categories?post=5094"},{"taxonomy":"post_tag","embeddable":true,"href":"https:\/\/www.cimformacion.com\/blog\/wp-json\/wp\/v2\/tags?post=5094"}],"curies":[{"name":"wp","href":"https:\/\/api.w.org\/{rel}","templated":true}]}}