{"id":4543,"date":"2016-09-01T00:00:00","date_gmt":"2016-08-31T22:00:00","guid":{"rendered":"https:\/\/www.cimformacion.com\/blog\/noticias-cim-general\/noticias-general-cim\/apadrinamos-llama-arca-de-noe\/"},"modified":"2021-04-28T12:36:38","modified_gmt":"2021-04-28T10:36:38","slug":"apadrinamos-llama-arca-de-noe","status":"publish","type":"post","link":"https:\/\/www.cimformacion.com\/blog\/noticias-cim-general\/apadrinamos-llama-arca-de-noe\/","title":{"rendered":"Este mes de septiembre apadrinamos a la llama Rodri"},"content":{"rendered":"<p>En CIM Formaci\u00f3n continuamos con nuestro compromiso con\u00a0el<strong> bienestar y la protecci\u00f3n de los animales<\/strong>. Un mes m\u00e1s, persiste nuestra campa\u00f1a de apadrinamiento y nuestro empe\u00f1o en colaborar con aquellos animales en problemas que por diversas circunstancias necesitan ayuda.<\/p>\n<p>Nuestro objetivo es dar visibilidad a todos esos animales que se encuentran acogidos en las\u00a0diferentes sociedades protectoras, refugios\u00a0y\u00a0centros de recuperaci\u00f3n de fauna con los que colaboramos activamente.\u00a0Deseamos que este mensaje de <strong>respeto a los animales y la convivencia<\/strong> con ellos llegue al mayor n\u00famero de personas posible.\u00a0Gracias a vosotros, <strong>en CIM Formaci\u00f3n\u00a0apadrinamos un animal cada mes<\/strong>.<\/p>\n<h2>Este mes apadrinamos\u00a0a la llama Rodri, del santuario de animales salvajes El Arca de No\u00e9<\/h2>\n<p><img loading=\"lazy\" class=\"alignright size-medium wp-image-10070\" src=\"https:\/\/www.cimformacion.com\/blog\/wp-content\/uploads\/2020\/09\/llama-Rodri-Arca-de-Noe-Alicante-300x169.jpg\" alt=\"llama Rodri, en El Arca de No\u00e9\" width=\"300\" height=\"169\" title=\"\">La Llama <em>(Lama glama)<\/em> es un mam\u00edfero perteneciente a la familia de los camellos que, habitualmente, suele encontrarse viviendo en los Andes de Argentina, Bolivia, Chile, Ecuador y Per\u00fa. Antiguamente era utilizado como animal de carga para transportar objetos pesados aunque, cuando ya no serv\u00eda para esos usos, tambi\u00e9n se aprovechaba de \u00e9l la carne y la lana. Fueron los animales m\u00e1s usados por los pueblos andinos hasta la llegada de los espa\u00f1oles, m\u00e1s acostumbrados al uso del asno o el caballo.<\/p>\n<p>Una de las curiosidades m\u00e1s conocidas es su capacidad de escupir cuando se siente asustado. Lo realiza realmente con gran precisi\u00f3n y siempre para disuadir al posible enemigo.<\/p>\n<p>Este mes de septiembre en <strong>CIM Formaci\u00f3n hemos apadrinado a la llama Rodri<\/strong>, que se encuentra en el <strong>Centro de Rescate de animales El Roal, Nuevo\u00a0Arca de No\u00e9, <\/strong>en Alicante.<\/p>\n<p><strong>Ra\u00fal M\u00e9rida<\/strong>, director del Centro y de la Fundaci\u00f3n que lleva su nombre, nos explica la historia de la llama Rodri:<\/p>\n<p>\u00abLa primera vez que nos llamaron nos extra\u00f1\u00f3\u2026 Las siguientes ya est\u00e1bamos acostumbrados.\u00a0Encontrarse una llama circulando por plena autov\u00eda no es muy normal, la verdad.<\/p>\n<p><img loading=\"lazy\" class=\"alignright size-medium wp-image-10068\" src=\"https:\/\/www.cimformacion.com\/blog\/wp-content\/uploads\/2020\/09\/llama-Arca-de-Noe-300x169.jpg\" alt=\"llama-Arca-de-Noe\" width=\"300\" height=\"169\" title=\"\">Es posible que algunas de ellas, me refiero a las autov\u00edas, presenten carriles para veh\u00edculos lentos pero, estamos\u00a0seguros de que, ninguno de ellos, lo realizaron pensando en la circulaci\u00f3n de animales como la llama.<\/p>\n<p>Y no crean, al paso que vamos y con las modas de tener animales cada vez m\u00e1s ex\u00f3ticos, no ser\u00eda de extra\u00f1ar que, en una de \u00e9stas, nos encontr\u00e1ramos a una llama, un mono o un mapache pintado en la calzada, igual que ahora vemos una bici.<\/p>\n<p>Pero volvamos a la historia que hoy nos ocupa\u2026 Hasta en tres ocasiones apareci\u00f3 nuestra llama compitiendo con los coches, a la altura de San Vicente del Raspeig (Alicante), en una carrera que, f\u00e1cilmente, podr\u00eda haberle costado la vida.<\/p>\n<p>Siempre acud\u00edamos a rescatarla con la intenci\u00f3n de salvarla y, evitar, tambi\u00e9n, un m\u00e1s que posible accidente de tr\u00e1fico pero, posteriormente, siempre nos ve\u00edamos obligados a devolv\u00e9rsela a sus due\u00f1os.<\/p>\n<p>Y es que, s\u00ed, ya ven, para m\u00e1s inri nuestro animal ten\u00eda amo. As\u00ed que, cada vez que lo rescat\u00e1bamos de la calzada, aparec\u00eda \u00e9ste en busca del mismo.<\/p>\n<p>Seg\u00fan nos cont\u00f3 el hombre, lo ten\u00eda hac\u00eda a\u00f1os como animal de compa\u00f1\u00eda \u2013ni perro, ni gato, a \u00e9l le dio por una llama- en un chalet de San Vicente, sin que jam\u00e1s se escapara. As\u00ed, hasta que una vecina le hab\u00eda acostumbrado a comer galletas\u2026 En fin, ver para creer.<\/p>\n<p><img loading=\"lazy\" class=\"alignright size-medium wp-image-10069\" src=\"https:\/\/www.cimformacion.com\/blog\/wp-content\/uploads\/2020\/09\/llama-Arca-de-Noe-Alicante-300x169.jpg\" alt=\"llama-Arca-de-Noe-Alicante\" width=\"300\" height=\"169\" title=\"\">Contaba el propietario que el animal, goloso como el primero, en cuanto ve\u00eda la puerta abierta, echaba a correr rumbo a su manjar favorito\u2026 Y ya de paso, imagino, aprovechaba para darse un garbeo por los alrededores por si ca\u00eda algo m\u00e1s.<\/p>\n<p>Finalmente, el Seprona de la Guardia Civil, con muy buen criterio, por cierto, decidi\u00f3 que aquel peligro deb\u00eda de terminar antes de que pasara algo grave y orden\u00f3 retirar al animal del que, por otra parte, sus due\u00f1os tambi\u00e9n hab\u00edan decidido ya por su cuenta deshacerse para evitar males mayores y porque les daba pena tenerlo siempre atado.<\/p>\n<p>Dicho y hecho. Al final, aquella llama, v\u00edctima de la moda por tener animales cada vez m\u00e1s ex\u00f3ticos como animales de compa\u00f1\u00eda, vino a vivir a nuestro Arca de No\u00e9 en T\u00e1ngel (Alicante) donde ahora es feliz rodeada de otros muchos animales\u2026 En fin, menos mal, historia con final feliz.\u00bb<\/p>\n<h2>El Centro de Rescate de animales El Arca de No\u00e9<\/h2>\n<p><img loading=\"lazy\" class=\"alignright size-medium wp-image-10071\" src=\"https:\/\/www.cimformacion.com\/blog\/wp-content\/uploads\/2020\/09\/arca-de-noe-alicante-300x169.jpg\" alt=\"arca-de-noe-alicante\" width=\"300\" height=\"169\" title=\"\">El Centro de Rescate de animales El Arca de No\u00e9 se encuentra en el municipio de T\u00e1ngel (Alicante). Desde el centro luchan\u00a0contra el tr\u00e1fico ilegal de animales, el tercer negocio ilegal que m\u00e1s dinero mueve en el mundo.<\/p>\n<p>Todos los animales que viven en el centro o se encuentran bajo orden judicial o provienen del tr\u00e1fico ilegal de especies, del contrabando, del maltrato animal o de la experimentaci\u00f3n.<\/p>\n<p>En el Arca de No\u00e9 rescatan aquellos animales salvajes que necesitan ayuda.<\/p>\n","protected":false},"excerpt":{"rendered":"<p>En CIM Formaci\u00f3n continuamos con nuestro compromiso con\u00a0el bienestar y la protecci\u00f3n de los animales. Un mes m\u00e1s, persiste nuestra campa\u00f1a de apadrinamiento y nuestro empe\u00f1o en colaborar con aquellos animales en problemas que por diversas circunstancias necesitan ayuda. Nuestro objetivo es dar visibilidad a todos esos animales que se encuentran acogidos en las\u00a0diferentes sociedades [&hellip;]<\/p>\n","protected":false},"author":5,"featured_media":4544,"comment_status":"open","ping_status":"open","sticky":false,"template":"","format":"standard","meta":[],"categories":[152],"tags":[],"acf":[],"_links":{"self":[{"href":"https:\/\/www.cimformacion.com\/blog\/wp-json\/wp\/v2\/posts\/4543"}],"collection":[{"href":"https:\/\/www.cimformacion.com\/blog\/wp-json\/wp\/v2\/posts"}],"about":[{"href":"https:\/\/www.cimformacion.com\/blog\/wp-json\/wp\/v2\/types\/post"}],"author":[{"embeddable":true,"href":"https:\/\/www.cimformacion.com\/blog\/wp-json\/wp\/v2\/users\/5"}],"replies":[{"embeddable":true,"href":"https:\/\/www.cimformacion.com\/blog\/wp-json\/wp\/v2\/comments?post=4543"}],"version-history":[{"count":0,"href":"https:\/\/www.cimformacion.com\/blog\/wp-json\/wp\/v2\/posts\/4543\/revisions"}],"wp:featuredmedia":[{"embeddable":true,"href":"https:\/\/www.cimformacion.com\/blog\/wp-json\/wp\/v2\/media\/4544"}],"wp:attachment":[{"href":"https:\/\/www.cimformacion.com\/blog\/wp-json\/wp\/v2\/media?parent=4543"}],"wp:term":[{"taxonomy":"category","embeddable":true,"href":"https:\/\/www.cimformacion.com\/blog\/wp-json\/wp\/v2\/categories?post=4543"},{"taxonomy":"post_tag","embeddable":true,"href":"https:\/\/www.cimformacion.com\/blog\/wp-json\/wp\/v2\/tags?post=4543"}],"curies":[{"name":"wp","href":"https:\/\/api.w.org\/{rel}","templated":true}]}}